{"id":14156,"date":"2020-02-20T16:15:47","date_gmt":"2020-02-20T15:15:47","guid":{"rendered":"https:\/\/www.baseland.fr\/base-selectionne-pour-lextension-de-lesplanade-nelson-mandela-a-lyon\/"},"modified":"2020-02-20T16:15:47","modified_gmt":"2020-02-20T15:15:47","slug":"base-selectionne-pour-lextension-de-lesplanade-nelson-mandela-a-lyon","status":"publish","type":"post","link":"https:\/\/dev9.screenup.com\/en\/base-selectionne-pour-lextension-de-lesplanade-nelson-mandela-a-lyon\/","title":{"rendered":"BASE s\u00e9lectionn\u00e9 pour l&#8217;extension de l&#8217;esplanade Nelson Mandela \u00e0 Lyon."},"content":{"rendered":"<p>BASE a \u00e9t\u00e9 s\u00e9lectionn\u00e9 pour remettre une offre pour l\u2019extension de l\u2019esplanade Nelson Mandela \u00e0 Lyon (69)<\/p>\n<ul>\n<li style=\"text-align: left;\">Ma\u00eetrise d&#8217;ouvrage : SPL Lyon Part-Dieu<\/li>\n<li style=\"text-align: left;\">Budget : 6 M\u20ac<\/li>\n<li>Surface : 1,2 ha<\/li>\n<\/ul>\n\n\n<figure class=\"wp-block-image size-large\"><img loading=\"lazy\" decoding=\"async\" width=\"900\" height=\"501\" src=\"https:\/\/www.baseland.fr\/wp-content\/uploads\/2020\/02\/NLS_900x500_3.jpg\" alt=\"\" class=\"wp-image-13888\" srcset=\"https:\/\/dev9.screenup.com\/wp-content\/uploads\/2020\/02\/NLS_900x500_3.jpg 900w, https:\/\/dev9.screenup.com\/wp-content\/uploads\/2020\/02\/NLS_900x500_3-300x167.jpg 300w, https:\/\/dev9.screenup.com\/wp-content\/uploads\/2020\/02\/NLS_900x500_3-768x428.jpg 768w\" sizes=\"auto, (max-width: 900px) 100vw, 900px\" \/><\/figure>\n\n\n\n<figure class=\"wp-block-image size-large\"><img loading=\"lazy\" decoding=\"async\" width=\"899\" height=\"500\" src=\"https:\/\/www.baseland.fr\/wp-content\/uploads\/2020\/02\/NLS_900x500_1.jpg\" alt=\"\" class=\"wp-image-13882\" srcset=\"https:\/\/dev9.screenup.com\/wp-content\/uploads\/2020\/02\/NLS_900x500_1.jpg 899w, https:\/\/dev9.screenup.com\/wp-content\/uploads\/2020\/02\/NLS_900x500_1-300x167.jpg 300w, https:\/\/dev9.screenup.com\/wp-content\/uploads\/2020\/02\/NLS_900x500_1-768x427.jpg 768w\" sizes=\"auto, (max-width: 899px) 100vw, 899px\" \/><\/figure>\n\n\n\n<figure class=\"wp-block-image size-large\"><img loading=\"lazy\" decoding=\"async\" width=\"900\" height=\"500\" src=\"https:\/\/www.baseland.fr\/wp-content\/uploads\/2020\/02\/NLS_900x500_2.jpg\" alt=\"\" class=\"wp-image-13884\" srcset=\"https:\/\/dev9.screenup.com\/wp-content\/uploads\/2020\/02\/NLS_900x500_2.jpg 900w, https:\/\/dev9.screenup.com\/wp-content\/uploads\/2020\/02\/NLS_900x500_2-300x167.jpg 300w, https:\/\/dev9.screenup.com\/wp-content\/uploads\/2020\/02\/NLS_900x500_2-768x427.jpg 768w\" sizes=\"auto, (max-width: 900px) 100vw, 900px\" \/><\/figure>\n","protected":false},"excerpt":{"rendered":"<p>BASE a \u00e9t\u00e9 s\u00e9lectionn\u00e9 pour remettre une offre pour l\u2019extension de l\u2019esplanade Nelson Mandela \u00e0 Lyon (69) Ma\u00eetrise d&#8217;ouvrage : SPL Lyon Part-Dieu Budget : 6 M\u20ac Surface : 1,2&#8230;<\/p>\n","protected":false},"author":2,"featured_media":14227,"comment_status":"closed","ping_status":"closed","sticky":false,"template":"","format":"standard","meta":{"_acf_changed":false,"footnotes":""},"categories":[125],"tags":[],"class_list":{"0":"post-14156","1":"post","2":"type-post","3":"status-publish","4":"format-standard","5":"has-post-thumbnail","7":"category-journal-en"},"acf":[],"_links":{"self":[{"href":"https:\/\/dev9.screenup.com\/en\/wp-json\/wp\/v2\/posts\/14156","targetHints":{"allow":["GET"]}}],"collection":[{"href":"https:\/\/dev9.screenup.com\/en\/wp-json\/wp\/v2\/posts"}],"about":[{"href":"https:\/\/dev9.screenup.com\/en\/wp-json\/wp\/v2\/types\/post"}],"author":[{"embeddable":true,"href":"https:\/\/dev9.screenup.com\/en\/wp-json\/wp\/v2\/users\/2"}],"replies":[{"embeddable":true,"href":"https:\/\/dev9.screenup.com\/en\/wp-json\/wp\/v2\/comments?post=14156"}],"version-history":[{"count":0,"href":"https:\/\/dev9.screenup.com\/en\/wp-json\/wp\/v2\/posts\/14156\/revisions"}],"wp:featuredmedia":[{"embeddable":true,"href":"https:\/\/dev9.screenup.com\/en\/wp-json\/wp\/v2\/media\/14227"}],"wp:attachment":[{"href":"https:\/\/dev9.screenup.com\/en\/wp-json\/wp\/v2\/media?parent=14156"}],"wp:term":[{"taxonomy":"category","embeddable":true,"href":"https:\/\/dev9.screenup.com\/en\/wp-json\/wp\/v2\/categories?post=14156"},{"taxonomy":"post_tag","embeddable":true,"href":"https:\/\/dev9.screenup.com\/en\/wp-json\/wp\/v2\/tags?post=14156"}],"curies":[{"name":"wp","href":"https:\/\/api.w.org\/{rel}","templated":true}]}}