{"id":14190,"date":"2018-12-14T17:22:25","date_gmt":"2018-12-14T16:22:25","guid":{"rendered":"https:\/\/www.baseland.fr\/base-retenu-pour-letude-urbaine-de-la-cabucelle-marseille\/"},"modified":"2018-12-14T17:22:25","modified_gmt":"2018-12-14T16:22:25","slug":"base-retenu-pour-letude-urbaine-de-la-cabucelle-marseille","status":"publish","type":"post","link":"https:\/\/dev9.screenup.com\/en\/base-retenu-pour-letude-urbaine-de-la-cabucelle-marseille\/","title":{"rendered":"BASE retenu pour l&#8217;\u00e9tude urbaine de la Cabucelle \u00e0 Marseille"},"content":{"rendered":"<p>Situ\u00e9 entre le Grand Port de Marseille M\u00e9diterran\u00e9e (GPMM) et la zone d\u2019activit\u00e9 des Arnavants, le quartier de La Cabucelle repr\u00e9sente un enjeu m\u00e9tropolitain pour le deuxi\u00e8me programme de renouvellement urbain sur la M\u00e9tropole. \u00c0 ce titre, une \u00e9tude urbaine de programmation est lanc\u00e9e pour \u00e9tablir un \u00e9tat des lieux pour le d\u00e9veloppement social et urbain de la Cabucelle, pour \u00e9laborer un projet d&#8217;ensemble, s\u2019appuyant sur les potentiels du site et portant sur l\u2019ensemble des composantes de la ville.\u00a0<\/p>\n<ul>\n<li>L&#8217;\u00e9quipe : Ville Ouverte + BASE + Concorde + Urbanis+ Philipe Bassetti<\/li>\n<li>Ma\u00eetrise d&#8217;ouvrage : GIP Marseille R\u00e9novation Urbaine<\/li>\n<\/ul>\n\n\n<figure class=\"wp-block-image size-large\"><img loading=\"lazy\" decoding=\"async\" width=\"950\" height=\"500\" src=\"https:\/\/www.baseland.fr\/wp-content\/uploads\/2020\/01\/CAB1Capture-d\u2019e\u0301cran-2020-01-13-a\u0300-18.16.28.jpg\" alt=\"\" class=\"wp-image-13738\" srcset=\"https:\/\/dev9.screenup.com\/wp-content\/uploads\/2020\/01\/CAB1Capture-d\u2019e\u0301cran-2020-01-13-a\u0300-18.16.28.jpg 950w, https:\/\/dev9.screenup.com\/wp-content\/uploads\/2020\/01\/CAB1Capture-d\u2019e\u0301cran-2020-01-13-a\u0300-18.16.28-300x158.jpg 300w, https:\/\/dev9.screenup.com\/wp-content\/uploads\/2020\/01\/CAB1Capture-d\u2019e\u0301cran-2020-01-13-a\u0300-18.16.28-768x404.jpg 768w\" sizes=\"auto, (max-width: 950px) 100vw, 950px\" \/><\/figure>\n\n\n\n<figure class=\"wp-block-image size-large\"><img loading=\"lazy\" decoding=\"async\" width=\"950\" height=\"500\" src=\"https:\/\/www.baseland.fr\/wp-content\/uploads\/2020\/01\/cab3Rue-Mathilde-N_Proposition.jpg\" alt=\"\" class=\"wp-image-13740\" srcset=\"https:\/\/dev9.screenup.com\/wp-content\/uploads\/2020\/01\/cab3Rue-Mathilde-N_Proposition.jpg 950w, https:\/\/dev9.screenup.com\/wp-content\/uploads\/2020\/01\/cab3Rue-Mathilde-N_Proposition-300x158.jpg 300w, https:\/\/dev9.screenup.com\/wp-content\/uploads\/2020\/01\/cab3Rue-Mathilde-N_Proposition-768x404.jpg 768w\" sizes=\"auto, (max-width: 950px) 100vw, 950px\" \/><\/figure>\n\n\n\n<figure class=\"wp-block-image size-large\"><img loading=\"lazy\" decoding=\"async\" width=\"950\" height=\"500\" src=\"https:\/\/www.baseland.fr\/wp-content\/uploads\/2020\/01\/cabRue-JMC_Proposition.jpg\" alt=\"\" class=\"wp-image-13742\" srcset=\"https:\/\/dev9.screenup.com\/wp-content\/uploads\/2020\/01\/cabRue-JMC_Proposition.jpg 950w, https:\/\/dev9.screenup.com\/wp-content\/uploads\/2020\/01\/cabRue-JMC_Proposition-300x158.jpg 300w, https:\/\/dev9.screenup.com\/wp-content\/uploads\/2020\/01\/cabRue-JMC_Proposition-768x404.jpg 768w\" sizes=\"auto, (max-width: 950px) 100vw, 950px\" \/><\/figure>\n","protected":false},"excerpt":{"rendered":"<p>Situ\u00e9 entre le Grand Port de Marseille M\u00e9diterran\u00e9e (GPMM) et la zone d\u2019activit\u00e9 des Arnavants, le quartier de La Cabucelle repr\u00e9sente un enjeu m\u00e9tropolitain pour le deuxi\u00e8me programme de renouvellement&#8230;<\/p>\n","protected":false},"author":2,"featured_media":10882,"comment_status":"closed","ping_status":"closed","sticky":false,"template":"","format":"standard","meta":{"_acf_changed":false,"footnotes":""},"categories":[125],"tags":[],"class_list":{"0":"post-14190","1":"post","2":"type-post","3":"status-publish","4":"format-standard","5":"has-post-thumbnail","7":"category-journal-en"},"acf":[],"_links":{"self":[{"href":"https:\/\/dev9.screenup.com\/en\/wp-json\/wp\/v2\/posts\/14190","targetHints":{"allow":["GET"]}}],"collection":[{"href":"https:\/\/dev9.screenup.com\/en\/wp-json\/wp\/v2\/posts"}],"about":[{"href":"https:\/\/dev9.screenup.com\/en\/wp-json\/wp\/v2\/types\/post"}],"author":[{"embeddable":true,"href":"https:\/\/dev9.screenup.com\/en\/wp-json\/wp\/v2\/users\/2"}],"replies":[{"embeddable":true,"href":"https:\/\/dev9.screenup.com\/en\/wp-json\/wp\/v2\/comments?post=14190"}],"version-history":[{"count":0,"href":"https:\/\/dev9.screenup.com\/en\/wp-json\/wp\/v2\/posts\/14190\/revisions"}],"wp:featuredmedia":[{"embeddable":true,"href":"https:\/\/dev9.screenup.com\/en\/wp-json\/wp\/v2\/media\/10882"}],"wp:attachment":[{"href":"https:\/\/dev9.screenup.com\/en\/wp-json\/wp\/v2\/media?parent=14190"}],"wp:term":[{"taxonomy":"category","embeddable":true,"href":"https:\/\/dev9.screenup.com\/en\/wp-json\/wp\/v2\/categories?post=14190"},{"taxonomy":"post_tag","embeddable":true,"href":"https:\/\/dev9.screenup.com\/en\/wp-json\/wp\/v2\/tags?post=14190"}],"curies":[{"name":"wp","href":"https:\/\/api.w.org\/{rel}","templated":true}]}}